{"id":10745,"date":"2021-06-16T22:31:45","date_gmt":"2021-06-17T02:31:45","guid":{"rendered":"https:\/\/seq.ca\/?p=10745"},"modified":"2022-09-07T09:27:02","modified_gmt":"2022-09-07T13:27:02","slug":"blitz-amiral-2021","status":"publish","type":"post","link":"https:\/\/seq.ca\/en\/blitz-amiral-2021\/","title":{"rendered":"Bioblitz annuel Amiral blanc de la SEQ &#8211; 2021"},"content":{"rendered":"<h2 class=\"wp-block-heading\"><strong><span style=\"text-decoration: underline;\"><a href=\"https:\/\/seq.ca\/wp-content\/uploads\/2021\/06\/Fiche_amiral_2021.pdf\">Cliquez ici pour plus d&rsquo;informations<\/a><\/span><\/strong><\/h2>\n\n\n\n<figure class=\"wp-block-image size-large is-resized\"><img loading=\"lazy\" decoding=\"async\" src=\"https:\/\/seq.ca\/wp-content\/uploads\/2021\/06\/Amiral-Affiche-francais-791x1024.jpg\" alt=\"\" class=\"wp-image-10747\" width=\"656\" height=\"848\" srcset=\"https:\/\/seq.ca\/wp-content\/uploads\/2021\/06\/Amiral-Affiche-francais-791x1024.jpg 791w, https:\/\/seq.ca\/wp-content\/uploads\/2021\/06\/Amiral-Affiche-francais-232x300.jpg 232w, https:\/\/seq.ca\/wp-content\/uploads\/2021\/06\/Amiral-Affiche-francais-768x994.jpg 768w, https:\/\/seq.ca\/wp-content\/uploads\/2021\/06\/Amiral-Affiche-francais-1187x1536.jpg 1187w, https:\/\/seq.ca\/wp-content\/uploads\/2021\/06\/Amiral-Affiche-francais-1583x2048.jpg 1583w, https:\/\/seq.ca\/wp-content\/uploads\/2021\/06\/Amiral-Affiche-francais-46x60.jpg 46w, https:\/\/seq.ca\/wp-content\/uploads\/2021\/06\/Amiral-Affiche-francais-600x776.jpg 600w\" sizes=\"auto, (max-width: 656px) 100vw, 656px\" \/><\/figure>","protected":false},"excerpt":{"rendered":"<p>Cliquez ici pour plus d&rsquo;informations<\/p>","protected":false},"author":1,"featured_media":0,"comment_status":"closed","ping_status":"closed","sticky":false,"template":"","format":"standard","meta":{"pmpro_default_level":"","_uag_custom_page_level_css":"","footnotes":""},"categories":[6325],"tags":[],"class_list":["post-10745","post","type-post","status-publish","format-standard","hentry","category-non-classifiee","pmpro-has-access"],"uagb_featured_image_src":{"full":false,"thumbnail":false,"medium":false,"medium_large":false,"large":false,"1536x1536":false,"2048x2048":false,"trp-custom-language-flag":false,"featured-image-medium":false,"featured-img-medium":false},"uagb_author_info":{"display_name":"Soci\u00e9t\u00e9 d'entomologie du Qu\u00e9bec","author_link":"https:\/\/seq.ca\/en\/author\/webmestreseq\/"},"uagb_comment_info":0,"uagb_excerpt":"Cliquez ici pour plus d&rsquo;informations","_links":{"self":[{"href":"https:\/\/seq.ca\/en\/wp-json\/wp\/v2\/posts\/10745","targetHints":{"allow":["GET"]}}],"collection":[{"href":"https:\/\/seq.ca\/en\/wp-json\/wp\/v2\/posts"}],"about":[{"href":"https:\/\/seq.ca\/en\/wp-json\/wp\/v2\/types\/post"}],"author":[{"embeddable":true,"href":"https:\/\/seq.ca\/en\/wp-json\/wp\/v2\/users\/1"}],"replies":[{"embeddable":true,"href":"https:\/\/seq.ca\/en\/wp-json\/wp\/v2\/comments?post=10745"}],"version-history":[{"count":0,"href":"https:\/\/seq.ca\/en\/wp-json\/wp\/v2\/posts\/10745\/revisions"}],"wp:attachment":[{"href":"https:\/\/seq.ca\/en\/wp-json\/wp\/v2\/media?parent=10745"}],"wp:term":[{"taxonomy":"category","embeddable":true,"href":"https:\/\/seq.ca\/en\/wp-json\/wp\/v2\/categories?post=10745"},{"taxonomy":"post_tag","embeddable":true,"href":"https:\/\/seq.ca\/en\/wp-json\/wp\/v2\/tags?post=10745"}],"curies":[{"name":"wp","href":"https:\/\/api.w.org\/{rel}","templated":true}]}}